{"id":560,"date":"2014-11-14T16:20:42","date_gmt":"2014-11-14T15:20:42","guid":{"rendered":"http:\/\/pierrepapon.fr\/?p=560"},"modified":"2014-11-16T12:32:35","modified_gmt":"2014-11-16T11:32:35","slug":"energie-mondiale-des-scenarios-sous-tension","status":"publish","type":"post","link":"http:\/\/pierrepapon.fr\/?p=560","title":{"rendered":"Energie mondiale : des sc\u00e9narios sous tension"},"content":{"rendered":"<p>En publiant, d\u00e9but novembre, l\u2019ensemble des conclusions de son cinqui\u00e8me rapport sur le climat, les experts du GIEC ont de nouveau tir\u00e9 un signal d\u2019alarme\u00a0:<strong> il est <em>\u00ab\u00a0extr\u00eamement probable\u00a0\u00bb <\/em>(une probabilit\u00e9 estim\u00e9e \u00e0 95%) que l&rsquo;<\/strong><em><strong>\u00ab\u00a0activit\u00e9 humaine est la cause principale du r\u00e9chauffement observ\u00e9\u00a0<\/strong>\u00bb<\/em> depuis le milieu du XX<sup>e\u00a0<\/sup>si\u00e8cle.Si l\u2019en croit leur sc\u00e9nario le plus pessimiste, apr\u00e8s une hausse de 0,85\u00a0\u00b0C en moyenne entre\u00a01880 et\u00a02012, l&rsquo;augmentation de la temp\u00e9rature moyenne de l\u2019atmosph\u00e8re terrestre pourrait atteindre 4,8\u00b0C \u00e0 l&rsquo;horizon 2100 par rapport \u00e0 la p\u00e9riode 1986-2005, en supposant que les \u00e9missions de gaz \u00e0 effet continuent \u00e0 leur rythme actuel (entre 0,3\u00a0\u00b0C et 3,1\u00a0\u00b0C pour les autres sc\u00e9narios). Rappelons que <strong>l\u2019objectif \u00ab\u00a0officiel\u00a0\u00bb, retenu\u00a0lors\u00a0suite \u00e0 la conf\u00e9rence de Copenhague sur le climat de Copenhague en\u00a02009, est de limiter \u00e0 2\u00b0 C le r\u00e9chauffement climatique entre la fin du si\u00e8cle<\/strong> et les d\u00e9buts de l\u2019\u00e2ge industriel (soit 1850) , ce qui suppose de diminuer par un facteur 2 les \u00e9missions mondiales de gaz \u00e0 effet de serre d\u2019ici 2050 et en particulier celles de CO2. Depuis lors les \u00a0d\u00e9bats vont bon train avec un point focal qui est la transition \u00e9nerg\u00e9tique\u00a0: comment parvenir \u00e0 cet objectif au niveau mondial\u00a0? Que signifie cette transition \u00e9nerg\u00e9tique\u00a0? Comment orienter \u00e0 la baisse la demande d\u2019\u00e9nergie.\u00a0? On sait que la France ainsi que d\u2019autre pays europ\u00e9ens se sont engag\u00e9s de diminuer par un facteur quatre leurs \u00e9missions de gaz \u00e0 effet de serre d\u2019ici 2050. Toutes ces questions sont des enjeux pour la conf\u00e9rence de Paris sur le climat de 2015.<\/p>\n<p>Le rapport annuel, son \u00e9dition \u00a02014, sur l\u2019\u00e9nergie mondiale que vient de publier l\u2019Agence Internationale de l\u2019Energie (AIE, <em>World Energy Outlook 2014,<\/em> <a href=\"http:\/\/www.worldenergyoutlook.org\/\">www.worldenergyoutlook.org<\/a>) n\u2019incite pas \u00e0 l\u2019optimisme puisqu\u2019il estime que <strong>\u00ab\u00a0Le syst\u00e8me \u00e9nerg\u00e9tique mondial risque de ne pas \u00eatre \u00e0 la hauteur des espoirs et des attentes plac\u00e9s en lui\u00a0\u00bb.<\/strong> Le sc\u00e9nario central de l\u2019AIE pr\u00e9voit une augmentation de la demande \u00e9nerg\u00e9tique mondiale de 37% d\u2019ici 2040 mais, il est vrai, avec une diminution de l\u2019intensit\u00e9 \u00e9nerg\u00e9tique. La croissance de la demande \u00e9nerg\u00e9tique (\u00e0 un rythme annuel de 1% par an apr\u00e8s 2025 au lieu de 2% actuellement)\u00a0serait stable dans tous les pays d\u00e9velopp\u00e9s, notamment en Europe mais aussi aux Etats-Unis, alors qu\u2019elle augmenterait\u00a0 fortement en Asie, en Afrique, au Moyen Orient et en <strong>Am\u00e9rique du sud, en 2030 la Chine deviendrait le premier pays consommateur de p\u00e9trole dans le monde.<\/strong><\/p>\n<p><strong>Le sc\u00e9nario central de l\u2019AIE qui ne permettrait\u00a0 pas d\u2019atteindre l\u2019objectif de Copenhague\u00a0 envisage un mix \u00e9nerg\u00e9tique\u00a0\u00a0mondial \u00e0 l\u2019horizon 2040 qui serait un \u00ab\u00a0quatre quarts\u00a0\u00bb<\/strong> avec quatre fili\u00e8res d\u2019importance presque \u00e9gales pour l\u2019\u00e9nergie primaire\u00a0: le p\u00e9trole, le gaz, le charbon et les sources d\u2019\u00e9nergie \u00e0 faible \u00e9missions de carbone (renouvelables et nucl\u00e9aire), toutefois la part des \u00e9nergies fossiles diminuerait passant de 80 \u00e0 74% . L\u2019AIE ne \u00ab\u00a0pr\u00e9voit\u00a0\u00bb pas de disette de p\u00e9trole, la production augmentant de pr\u00e8s de 15% entre 2012 et 2040, avec une croissance forte de celle de pays non-membres de l\u2019OPEP jusqu\u2019en 2025 (en particulier aux USA avec le p\u00e9trole de schiste mais aussi au Br\u00e9sil). Quant \u00e0 la production de gaz,\u00a0 elle ferait un\u00a0\u00a0bond de 50% avec une forte contribution de celle de gaz de schiste dont la part passerait de 17%, aujourd\u2019hui, \u00e0 31%, en revanche la production de charbon n\u2019augmenterait que faiblement \u00e0 un rythme annuel de 0,5%. <strong>Les mesures prises pour limiter le r\u00e9chauffement climatique conduiraient \u00e0 une forte croissance (80%) de la demande d\u2019\u00e9lectricit\u00e9 d\u2019ici 2040<\/strong> avec un tiers d\u2019\u00e9nergie renouvelable dans le mix \u00e9lectrique (21% en 2012) et une forte croissance du nucl\u00e9aire (essentiellement dans les pays hors-OCDE) dont la puissance install\u00e9e dans le monde passerait de 392 GW en 2012 \u00e0 620 GW en 2040. L\u2019AIE estime d\u2019ailleurs que le nucl\u00e9aire est l\u2019une des rares options disponibles \u00e0 grande \u00e9chelle pour diminuer les \u00e9missions de CO2.<\/p>\n<p><strong>Le rapport de l\u2019AIE d\u00e9livre un message ambigu\u00a0sur l\u2019\u00e9nergie : optimisme du c\u00f4t\u00e9 des r\u00e9serves mais alerte s\u00e9rieuse sur le climat.<\/strong> Il n\u2019exclut pas des tensions sur le p\u00e9trole (dont le prix a chut\u00e9 de pr\u00e8s de 25 % depuis l\u2019\u00e9t\u00e9) r\u00e9sultant de l\u2019instabilit\u00e9 politique au Moyen-Orient qui est la source du p\u00e9trole \u00ab\u00a0bon march\u00e9\u00a0\u00bb mais aussi, souligne-t-il, \u00e0 juste titre,<strong> le syst\u00e8me \u00e9nerg\u00e9tique risque de ne pas r\u00e9pondre aux attentes aux pays qui ont des besoins criants d\u2019\u00e9nergie<\/strong> comme le montrent les d\u00e9veloppements du rapport sur l\u2019\u00e9nergie en Afrique. L\u2019AIE fait quelques constats : &#8211; l\u2019Afrique sub-saharienne repr\u00e9sente, aujourd\u2019hui, 13% de la population de la plan\u00e8te mais elle ne consomme que 4% de l\u2019\u00e9nergie mondiale \u2013 son rythme de d\u00e9veloppement s\u2019acc\u00e9l\u00e8re et sa demande d\u2019\u00e9nergie a augment\u00e9 de 45% depuis l\u2019an 2000 \u2013 un tiers seulement de la population a acc\u00e8s \u00e0 l\u2019\u00e9lectricit\u00e9. De nombreuses \u00e9tudes d\u00e9mographiques font \u00e9tat de la perspective d\u2019une tr\u00e8s forte croissance de la population de l\u2019Afrique (cf. J. Damon \u00ab\u00a025% de la population mondiale sera africaine en 2050\u00a0\u00bb, <em>Futuribles Vigie<\/em>, <a href=\"http:\/\/www.futuribles.com\/\">www.futuribles.com<\/a> et Gerland, P. et al. \u00ab\u00a0World population stabilization unlikely this century\u201d,<em> Science<\/em>, vol. 346, p. 234, 10 October 2014, <a href=\"http:\/\/www.science.org\/\">www.science.org<\/a>) : &#8211; la population de l\u2019Afrique sub-saharienne doublerait entre 2012 et 2040 pour atteindre 1,75 milliard d\u2019habitants (le Nigeria compterait 400 millions d\u2019habitants en 2050) avec un taux de \u00a0croissance \u00e9conomique de 4,7% par an <a href=\"http:\/\/pierrepapon.fr\/wp-content\/uploads\/2013\/07\/Image00006.png\"><img loading=\"lazy\" decoding=\"async\" class=\"alignright size-medium wp-image-168\" src=\"http:\/\/pierrepapon.fr\/wp-content\/uploads\/2013\/07\/Image00006-300x224.png\" alt=\"Image00006\" width=\"300\" height=\"224\" srcset=\"http:\/\/pierrepapon.fr\/wp-content\/uploads\/2013\/07\/Image00006-300x224.png 300w, http:\/\/pierrepapon.fr\/wp-content\/uploads\/2013\/07\/Image00006.png 307w\" sizes=\"(max-width: 300px) 100vw, 300px\" \/><\/a>pour l\u2019ensemble de l\u2019Afrique.Cette croissance \u00e9conomique de l\u2019Afrique sera port\u00e9e par l\u2019exploitation des ressources \u00e9nerg\u00e9tiques (cf. P.Papon, \u00ab\u00a0L\u2019Afrique est-elle promise \u00e0 devenir \u00e9nerg\u00e9tique radieux\u00a0?\u00a0\u00bb\u00a0Futuribles Vigie, <a href=\"http:\/\/www.futuribles.com\/\">www.futuribles.com<\/a>): une croissance de 80% de la demande (elle passerait de 740 Mtep en 2012 \u00e0 1300 Mtep en 2040) avec un doublement de la consommation de p\u00e9trole d\u2019ici 2040, un doublement de la production de gaz &#8211; la bio\u00e9nergie (essentiellement le bois) demeurant la principale ressource &#8211; un quadruplement de la capacit\u00e9 de production d\u2019\u00e9lectricit\u00e9. Il n\u2019est pas certain que la manne p\u00e9troli\u00e8re permettra \u00e0 l\u2019Afrique de faire face \u00e0 ses besoins \u00e9nerg\u00e9tiques.<\/p>\n<p><strong>Il est clair que les besoins croissants en \u00e9nergie des pays en d\u00e9veloppement pour acc\u00e9der \u00e0 la \u00ab\u00a0modernit\u00e9\u00a0\u00bb (qui suppose notamment un acc\u00e8s \u00e0 l\u2019\u00e9lectricit\u00e9\u2026.) vont peser dans la n\u00e9gociation climatique qui est engag\u00e9e.<\/strong> Avec quelles fili\u00e8res pourront-ils y faire face et avec quel soutien des pays d\u00e9velopp\u00e9s\u00a0? C\u2019est une question d\u2019\u00e9quit\u00e9 et de solidarit\u00e9 \u00e0 laquelle il est difficile mais n\u00e9cessaire de r\u00e9pondre. L\u2019accord \u00ab\u00a0climatique\u00a0\u00bb conclu, r\u00e9cemment, entre la Chine et les Etats-Unis\u00a0 &#8211; ces derniers s\u2019engagent \u00e0 diminuer de 26 \u00e0 28 % leurs \u00e9missions de CO2 d\u2019ici 2025 (par rapport \u00e0 2005) et la Chine de commencer \u00e0 les baisser \u00ab\u00a0vers 2030\u00a0\u00bb &#8211; va dans le bon sens et va faciliter la n\u00e9gociation climatique. La science \u00a0et la technologie, sources d&rsquo;innovations, donnent certes des raisons d&rsquo;optimisme, souligne l&rsquo;AIE,\u00a0mais<strong> il reste \u00e0 savoir si le volontarisme affich\u00e9 sera suffisant pour mettre en marche la transition \u00e9nerg\u00e9tique<\/strong> qui, de toute fa\u00e7on, sera une entreprise de longue haleine.<\/p>\n","protected":false},"excerpt":{"rendered":"<p>Alors que la pr\u00e9paration de la conf\u00e9rence de Paris sur le climat de 2015 entre dans sa phase d\u00e9cisive, les interrogations sur l\u2019avenir du syst\u00e8me \u00e9nerg\u00e9tique mondial demeurent : peut-on contenir, voire diminuer, la consommation mondiale d\u2019\u00e9nergie \u00e0 l\u2019horizon 2050 ? Le rapport annuel de l\u2019AIE n\u2019incite pas \u00e0 l\u2019optimisme.<\/p>\n","protected":false},"author":1,"featured_media":192,"comment_status":"closed","ping_status":"closed","sticky":false,"template":"","format":"standard","meta":{"footnotes":""},"categories":[1],"tags":[],"_links":{"self":[{"href":"http:\/\/pierrepapon.fr\/index.php?rest_route=\/wp\/v2\/posts\/560"}],"collection":[{"href":"http:\/\/pierrepapon.fr\/index.php?rest_route=\/wp\/v2\/posts"}],"about":[{"href":"http:\/\/pierrepapon.fr\/index.php?rest_route=\/wp\/v2\/types\/post"}],"author":[{"embeddable":true,"href":"http:\/\/pierrepapon.fr\/index.php?rest_route=\/wp\/v2\/users\/1"}],"replies":[{"embeddable":true,"href":"http:\/\/pierrepapon.fr\/index.php?rest_route=%2Fwp%2Fv2%2Fcomments&post=560"}],"version-history":[{"count":5,"href":"http:\/\/pierrepapon.fr\/index.php?rest_route=\/wp\/v2\/posts\/560\/revisions"}],"predecessor-version":[{"id":565,"href":"http:\/\/pierrepapon.fr\/index.php?rest_route=\/wp\/v2\/posts\/560\/revisions\/565"}],"wp:featuredmedia":[{"embeddable":true,"href":"http:\/\/pierrepapon.fr\/index.php?rest_route=\/wp\/v2\/media\/192"}],"wp:attachment":[{"href":"http:\/\/pierrepapon.fr\/index.php?rest_route=%2Fwp%2Fv2%2Fmedia&parent=560"}],"wp:term":[{"taxonomy":"category","embeddable":true,"href":"http:\/\/pierrepapon.fr\/index.php?rest_route=%2Fwp%2Fv2%2Fcategories&post=560"},{"taxonomy":"post_tag","embeddable":true,"href":"http:\/\/pierrepapon.fr\/index.php?rest_route=%2Fwp%2Fv2%2Ftags&post=560"}],"curies":[{"name":"wp","href":"https:\/\/api.w.org\/{rel}","templated":true}]}}