{"id":484,"date":"2014-02-21T13:14:20","date_gmt":"2014-02-21T12:14:20","guid":{"rendered":"http:\/\/pierrepapon.fr\/?p=484"},"modified":"2014-03-18T17:37:13","modified_gmt":"2014-03-18T16:37:13","slug":"qules-scenarios-pour-la-transition-energetique","status":"publish","type":"post","link":"http:\/\/pierrepapon.fr\/?p=484","title":{"rendered":"Quels sc\u00e9narios pour la transition \u00e9nerg\u00e9tique ?"},"content":{"rendered":"<p>Un coup de projecteur sur les sc\u00e9narios \u00e9nerg\u00e9tiques mondiaux est utile. Dans son dernier rapport sur l\u2019\u00e9nergie, l\u2019Agence Internationale de l\u2019Energie (AIE) (IEA, <i>World Energy Outlook 2013, <\/i><a href=\"http:\/\/www.iea.org\">www.iea.org<\/a>)<i> <\/i>d\u00e9crit l\u2019\u00e9volution future de la sc\u00e8ne \u00e9nerg\u00e9tique mondiale \u00e0 l\u2019aide de plusieurs\u00a0 sc\u00e9narios. Son sc\u00e9nario\u00a0 central, \u00ab\u00a0Nouvelles politiques\u00a0\u00bb, qui int\u00e8gre parmi ses hypoth\u00e8ses de base les inflexions r\u00e9centes des politiques \u00e9nerg\u00e9tiques qui, si elles vont ralentir la croissance de la demande, ne permettront pas de limiter \u00e0 2\u00b0 C le r\u00e9chauffement climatique (l\u2019objectif retenu \u00e0 Copenhague et en d\u00e9bat lors de la r\u00e9cente conf\u00e9rence sur le climat \u00e0 Varsovie). <strong>Selon le sc\u00e9nario central de l\u2019AIE, la demande mondiale d\u2019\u00e9nergie primaire augmenterait d\u2019un tiers d\u2019ici 2035 et atteindrait 17,3 Gtep.<\/strong> Un deuxi\u00e8me sc\u00e9nario plus volontariste, dit \u00ab\u00a0450\u00a0\u00bb, qui limite \u00e0 450 ppm (parties par million en \u00e9quivalent CO2) la concentration en gaz \u00e0 effet de serre plafonne \u00e0 15 Gtep la demande mondiale d\u2019\u00e9nergie en 2035. Si toutes les fili\u00e8res sont promises \u00e0 une forte croissance dans le sc\u00e9nario central, le rythme de celle du p\u00e9trole et du charbon serait nettement plus faible, alors que la croissance\u00a0 de la demande de gaz naturel (48%), du nucl\u00e9aire (66%) et des \u00e9nergies renouvelables (77%) s\u2019acc\u00e9l\u00e9reraient. La demande d\u2019\u00e9lectricit\u00e9, en tr\u00e8s forte croissance (75%), serait satisfaite \u00e0 pr\u00e8s du tiers par les \u00e9nergies renouvelables en 2035 dans le sc\u00e9nario central (le poids du charbon diminuant) et \u00e0\u00a0 50% dans le sc\u00e9nario \u00ab\u00a0450\u00a0\u00bb (avec un poids important du nucl\u00e9aire). <strong>Le Conseil Mondial de l\u2019Energie propose, quant \u00e0 lui, des sc\u00e9narios plus contrast\u00e9s pour l\u2019horizon 2050<\/strong>,\u00a0 baptis\u00e9s \u00ab\u00a0Jazz\u00a0\u00bb et \u00ab\u00a0Symphonie\u00a0\u00bb (Conseil Mondial de l\u2019Energie, <i>Les sc\u00e9narios mondiaux de l\u2019\u00e9nergie \u00e0 l\u2019horizon 2050, Paris<\/i>, 2013, <a href=\"http:\/\/www.wec-france.org\">www.wec-france.org<\/a>)\u00a0: une augmentation de la demande d\u2019\u00e9nergie primaire dans une fourchette de 27% \u00e0 61% avec une part des \u00e9nergies fossiles qui demeure largement pr\u00e9dominante dans les deux sc\u00e9narios\u00a0: 77% dans le moins volontariste, \u00ab\u00a0Jazz\u00a0\u00bb. La part des \u00e9nergies renouvelables dans l\u2019\u00e9nergie primaire montant \u00e0 30% dans \u00ab\u00a0Symphonie\u00a0\u00bb (20% dans \u00ab\u00a0Jazz\u00a0\u00bb).<\/p>\n<p>&nbsp;<\/p>\n<p><strong>\u00a0\u00a0 Les sc\u00e9narios jouent aussi leur r\u00f4le dans le d\u00e9bat sur la transition \u00e9nerg\u00e9tique en France.<\/strong> \u00a0En proposant des sc\u00e9narios \u00e9nerg\u00e9tiques pour la France \u00e0 l\u2019horizon 2050, l\u2019Alliance Nationale de Coordination de la Recherche pour l\u2019Energie (ANCRE), qui coordonne, en France, la strat\u00e9gie de R&amp;D en mati\u00e8re d\u2019\u00e9nergie des principaux organismes de recherche publics et des universit\u00e9s, <strong>apporte sa contribution \u00e0 la pr\u00e9paration de la future loi sur l\u2019\u00e9nergie qui doit \u00eatre vot\u00e9e par le parlement fin 2014<\/strong> (ANCRE, <i>Sc\u00e9narios de l\u2019Ancre pour la transition \u00e9nerg\u00e9tique, 2013,<\/i> <a href=\"http:\/\/www.allianceenergie.fr\">www.allianceenergie.fr<\/a>). Elle propose 3 sc\u00e9narios qui permettraient de diviser par un facteur 4 au moins les \u00e9missions de gaz \u00e0 effet de serre par la France \u00e0 l\u2019horizon 2050, d\u00e9crivant \u00e0 la fois des \u00e9volutions contrast\u00e9es de la demande et du mix \u00e9nerg\u00e9tique final. L&rsquo;ANCRE\u00a0fait \u00a0l&rsquo;hypoth\u00e8se\u00a0dans ses trois sc\u00e9narios que la part de l\u2019\u00e9lectricit\u00e9 produite par le nucl\u00e9aire passerait \u00e0 50 % en 2025 (75 % aujourd\u2019hui).\u00a0Le premier\u00a0d&rsquo;entre eux\u00a0\u00ab\u00a0Sobri\u00e9t\u00e9 renforc\u00e9e\u00a0\u00bb (SOB) suppose que les <a href=\"http:\/\/pierrepapon.fr\/wp-content\/uploads\/2013\/07\/Image000471.jpg\"><img loading=\"lazy\" decoding=\"async\" class=\"alignright size-medium wp-image-84\" alt=\"Trail Through Corn Field\" src=\"http:\/\/pierrepapon.fr\/wp-content\/uploads\/2013\/07\/Image000471-300x240.jpg\" width=\"300\" height=\"240\" srcset=\"http:\/\/pierrepapon.fr\/wp-content\/uploads\/2013\/07\/Image000471-300x240.jpg 300w, http:\/\/pierrepapon.fr\/wp-content\/uploads\/2013\/07\/Image000471.jpg 512w\" sizes=\"(max-width: 300px) 100vw, 300px\" \/><\/a>comportements individuels et collectifs permettront de diminuer de fa\u00e7on drastique la demande primaire et finale (-41% de baisse pour celle-ci), au prix d\u2019un programme tr\u00e8s important de r\u00e9novation thermique des b\u00e2timents (650\u00a0000 logements par an au lieu de 125\u00a0000 aujourd\u2019hui) et du d\u00e9veloppement des \u00e9nergies renouvelables. Lors des d\u00e9bats sur la transition \u00e9nerg\u00e9tique, rappelons-le,\u00a0\u00a0l&rsquo;hypoth\u00e8se d&rsquo;une diminution de moiti\u00e9 de la consommation d&rsquo;\u00e9nergie primaire \u00a0a \u00e9t\u00e9 longuement \u00e9voqu\u00e9e (il sera difficile de l&rsquo;inscrire dans la future loi). Le sc\u00e9nario \u00ab\u00a0D\u00e9carbonisation par l\u2019\u00e9lectricit\u00e9\u00a0\u00bb (ELE) mise sur un effort d\u2019efficacit\u00e9 \u00e9nerg\u00e9tique\u00a0avec un important fort\u00a0accroissement des usages de l\u2019\u00e9lectricit\u00e9 notamment dans les transports (45% de mobilit\u00e9 \u00e9lectrique en 2050 ce qui est consid\u00e9rable). Enfin le troisi\u00e8me sc\u00e9nario, \u00ab\u00a0Vecteurs diversifi\u00e9s\u00a0\u00bb (DIV), privil\u00e9gie \u00e9galement l\u2019efficacit\u00e9\u00a0 \u00e9nerg\u00e9tique avec une utilisation importante de la biomasse (notamment des biocarburants) et\u00a0 de la chaleur produite par cog\u00e9n\u00e9ration. Dans les sc\u00e9narios ELE et DIV la demande finale d\u2019\u00e9nergie chute de 27%. <strong>Dans les trois sc\u00e9narios la part de l&rsquo;\u00e9lectricit\u00e9 produite \u00e0 partir des fili\u00e8res d&rsquo;\u00e9nergies renouvelables augmenterait fortement (elle serait dans une fourchette de 40 \u00e0 50% au lieu de 15% en 2013).\u00a0<\/strong> Une variante du sc\u00e9nario ELE rel\u00e2chant la contrainte sur le nucl\u00e9aire (sa part baisserait lentement pour atteindre 60% en 2050), permettrait une plus grande r\u00e9duction des \u00e9missions de CO2.<\/p>\n<p><strong>L\u2019ANCRE souligne que ses sc\u00e9narios volontaristes repr\u00e9sentent une rupture dans l\u2019\u00e9volution de la demande d\u2019\u00e9nergie primaire par habitant qui, en 2050, retrouverait son niveau des ann\u00e9es 1960 alors que cette demande stagne (ou chute l\u00e9g\u00e8rement) depuis le d\u00e9but de la crise.\u00a0<\/strong>Ceci suppose une modification des comportements avec un rythme soutenu d\u2019innovation et un effort de R&amp;D pour faire sauter des verrous techniques (la capture et le stockage du CO2, le stockage de l\u2019\u00e9lectricit\u00e9 notamment). L\u2019ANCRE fait preuve d\u2019une extr\u00eame prudence en \u00e9valuant Les implications des sc\u00e9narios,<strong> elle\u00a0estime \u00e0 1000 milliards d\u2019euros le co\u00fbt total des investissements n\u00e9cessaires \u00e0 la transition<\/strong>, mais si elle ne\u00a0 chiffre pas\u00a0en d\u00e9tail le prix des \u00e9nergies (notamment celui l&rsquo;\u00e9lectricit\u00e9 des fili\u00e8res renouvelables),\u00a0\u00a0elle en\u00a0\u00ab\u00a0pr\u00e9voit\u00a0\u00bb toutefois sa forte hausse (un doublement pour l\u2019\u00e9lectricit\u00e9) mais avec un impact att\u00e9nu\u00e9 sur les m\u00e9nages du fait de la baisse des consommations. De m\u00eame, l\u2019ANCRE ne chiffre-t-elle que partiellement l\u2019impact sur l\u2019emploi des sc\u00e9narios, il sera tr\u00e8s probablement positif dans le secteur du BTP si le programme de r\u00e9novation thermique des b\u00e2timents est lanc\u00e9 (300\u00a0000 emplois cr\u00e9\u00e9s\u00a0au total ?), mais il\u00a0demeure tr\u00e8s\u00a0incertain dans celui des transports (il serait n\u00e9gatif avec le sc\u00e9nario \u00ab\u00a0Sobri\u00e9t\u00e9\u00a0\u00bb). Le sc\u00e9nario DIV qui mise sur l\u2019exploitation de la biomasse suppose la mobilisation de 5 millions d\u2019hectares agricoles pour sa r\u00e9alisation ce qui est consid\u00e9rable et peut-\u00eatre irr\u00e9aliste.<\/p>\n<p><strong>Tous ces sc\u00e9narios sont incontestablement utiles mais ils n\u2019\u00e9puisent pas le d\u00e9bat qui doit naviguer entre le \u00ab\u00a0possible\u00a0\u00bb, le \u00ab\u00a0souhaitable\u00a0\u00bb et \u00ab\u00a0l\u2019acceptable\u00a0\u00bb<\/strong> (cf. l\u2019int\u00e9ressant article de<b><i> <\/i><\/b>B. David, M. de Lattre-Gasquet, S.Mathy, J-E. Moncomble, et J.Rozenberg, \u00ab\u00a0Prospective \u00e9nerg\u00e9tique\u00a0: le possible, le souhaitable et l\u2019acceptable\u00a0\u00bb, <i>Futuribles,<\/i> no 398, p. 37, Janvier-F\u00e9vrier 2014, <a href=\"http:\/\/www.futuribles.com\">www.futuribles.com<\/a> ).<strong> C\u2019est pr\u00e9cis\u00e9ment le travail de la prospective de r\u00e9v\u00e9ler les obstacles, d\u2019identifier les verrous \u00e0 faire sauter<\/strong> pour que le souhaitable devienne possible afin que les strat\u00e9gies \u00e9nerg\u00e9tiques acceptables par les acteurs soient r\u00e9alistes. Ce travail est loin d&rsquo;\u00eatre achev\u00e9 en France comme ailleurs&#8230;.<\/p>\n","protected":false},"excerpt":{"rendered":"<p>Quels sc\u00e9narios peut-on envisager en France et dans le monde pour une strat\u00e9gie \u00e9nerg\u00e9tique  tenant compte du double imp\u00e9ratif  de limiter le changement climatique et d\u2019assurer la s\u00e9curit\u00e9 des approvisionnements ?  Le d\u00e9bat sur la transition \u00e9nerg\u00e9tique a mis en lumi\u00e8re, en France en 2013, l\u2019importance de cette question sans pour autant d\u00e9gager un consensus sur des objectifs o\u00f9 le souhaitable et le possible iraient de pair. Nous ouvrons ici de nouveau le dossier.<\/p>\n","protected":false},"author":1,"featured_media":201,"comment_status":"closed","ping_status":"closed","sticky":false,"template":"","format":"standard","meta":{"footnotes":""},"categories":[2],"tags":[],"_links":{"self":[{"href":"http:\/\/pierrepapon.fr\/index.php?rest_route=\/wp\/v2\/posts\/484"}],"collection":[{"href":"http:\/\/pierrepapon.fr\/index.php?rest_route=\/wp\/v2\/posts"}],"about":[{"href":"http:\/\/pierrepapon.fr\/index.php?rest_route=\/wp\/v2\/types\/post"}],"author":[{"embeddable":true,"href":"http:\/\/pierrepapon.fr\/index.php?rest_route=\/wp\/v2\/users\/1"}],"replies":[{"embeddable":true,"href":"http:\/\/pierrepapon.fr\/index.php?rest_route=%2Fwp%2Fv2%2Fcomments&post=484"}],"version-history":[{"count":5,"href":"http:\/\/pierrepapon.fr\/index.php?rest_route=\/wp\/v2\/posts\/484\/revisions"}],"predecessor-version":[{"id":496,"href":"http:\/\/pierrepapon.fr\/index.php?rest_route=\/wp\/v2\/posts\/484\/revisions\/496"}],"wp:featuredmedia":[{"embeddable":true,"href":"http:\/\/pierrepapon.fr\/index.php?rest_route=\/wp\/v2\/media\/201"}],"wp:attachment":[{"href":"http:\/\/pierrepapon.fr\/index.php?rest_route=%2Fwp%2Fv2%2Fmedia&parent=484"}],"wp:term":[{"taxonomy":"category","embeddable":true,"href":"http:\/\/pierrepapon.fr\/index.php?rest_route=%2Fwp%2Fv2%2Fcategories&post=484"},{"taxonomy":"post_tag","embeddable":true,"href":"http:\/\/pierrepapon.fr\/index.php?rest_route=%2Fwp%2Fv2%2Ftags&post=484"}],"curies":[{"name":"wp","href":"https:\/\/api.w.org\/{rel}","templated":true}]}}