{"id":461,"date":"2013-12-10T13:19:27","date_gmt":"2013-12-10T12:19:27","guid":{"rendered":"http:\/\/pierrepapon.fr\/?p=461"},"modified":"2013-12-10T13:19:27","modified_gmt":"2013-12-10T12:19:27","slug":"la-transition-energetique-en-questions-duree-intensite-energetique-recherche-et-innovation","status":"publish","type":"post","link":"http:\/\/pierrepapon.fr\/?p=461","title":{"rendered":"La transition \u00e9nerg\u00e9tique en questions: dur\u00e9e, intensit\u00e9 \u00e9nerg\u00e9tique, recherche et innovation"},"content":{"rendered":"<p><strong>\u00a0\u00a0 \u00a0Le d\u00e9bat sur la transition \u00e9nerg\u00e9tique est engag\u00e9 en France, comme dans la plupart des pays d\u00e9velopp\u00e9s, mais avons-nous une vision claire de ce que repr\u00e9sente une transition\u00a0?<\/strong> De fa\u00e7on g\u00e9n\u00e9rale elle se manifeste par un changement lent ou brutal, qui se d\u00e9roule pendant une p\u00e9riode o\u00f9 un \u00ab\u00a0syst\u00e8me\u00a0\u00bb soumis \u00e0 des contraintes subit des ruptures qui peuvent le d\u00e9stabiliser avant qu\u2019il ne retrouve un nouvel \u00e9tat d\u2019\u00e9quilibre (que symbolise le montage compliqu\u00e9 de Tinguely \u00e0 la une!). Dans le cas de l\u2019\u00e9nergie, ce syst\u00e8me peut \u00eatre l\u2019ensemble des fili\u00e8res \u00e9nerg\u00e9tiques d\u2019une \u00e9poque, par exemple au XVIII<sup>e<\/sup> \u00a0si\u00e8cle o\u00f9 le bois, l\u2019hydraulique, l\u2019\u00e9olien (les moulins) pesaient tr\u00e8s fort dans le mix \u00e9nerg\u00e9tique tandis que le charbon commen\u00e7ait sa mont\u00e9e en puissance. Avec une lorgnette d\u2019historien, on constate que l\u2019homme a constamment cherch\u00e9 \u00e0 diversifier ses ressources \u00e9nerg\u00e9tiques\u00a0: dans l\u2019Antiquit\u00e9, le bois et la force travail des esclaves \u00e9taient les seules ressources d\u2019\u00e9nergie, au Moyen-Age, l\u2019hydraulique et les moulins \u00e0 vent, des\u00a0 innovations import\u00e9es d\u2019Orient, ont compl\u00e9t\u00e9 le bois de chauffe dont le charbon a pris progressivement le relais au XVIII<sup>e<\/sup> et XIX<sup>e<\/sup> si\u00e8cles, etc. Les historiens de l\u2019\u00e9nergie ont souvent montr\u00e9 (voir par exemple, le livre r\u00e9cent de C. Bonneuil et J-B. Fressoz \u00ab\u00a0L\u2019\u00e9v\u00e9nement anthropoc\u00e8ne\u00a0\u00bb, Le Seuil, Paris, 2013) que si la plan\u00e8te a d\u00e9j\u00e0 connu des transitions \u00e9nerg\u00e9tiques, elle n\u2019a pas \u00e9t\u00e9 v\u00e9ritablement confront\u00e9e \u00e0 \u00ab\u00a0Une\u00a0\u00bb\u00a0transition \u00e9nerg\u00e9tique car, quoi que l\u2019on dise, <strong>l\u2019introduction d\u2019une nouvelle fili\u00e8re \u00e9nerg\u00e9tique a toujours pris du temps<\/strong>. <a href=\"http:\/\/pierrepapon.fr\/wp-content\/uploads\/2013\/07\/energie_heure_des_choix_chapitre_2_photo_locolomobile.jpg\"><img loading=\"lazy\" decoding=\"async\" class=\"alignright size-medium wp-image-144\" alt=\"energie_heure_des_choix_chapitre_2_photo_locolomobile\" src=\"http:\/\/pierrepapon.fr\/wp-content\/uploads\/2013\/07\/energie_heure_des_choix_chapitre_2_photo_locolomobile-300x197.jpg\" width=\"300\" height=\"197\" srcset=\"http:\/\/pierrepapon.fr\/wp-content\/uploads\/2013\/07\/energie_heure_des_choix_chapitre_2_photo_locolomobile-300x197.jpg 300w, http:\/\/pierrepapon.fr\/wp-content\/uploads\/2013\/07\/energie_heure_des_choix_chapitre_2_photo_locolomobile.jpg 600w\" sizes=\"(max-width: 300px) 100vw, 300px\" \/><\/a>Ainsi la machine \u00e0 vapeur, un v\u00e9ritable changement de paradigme technique puisque, pour la premi\u00e8re fois, on produisait du travail \u00e0 partir de la chaleur, a provoqu\u00e9 une r\u00e9volution technique puis industrielle qui s\u2019est \u00e9tal\u00e9e sur pr\u00e8s d\u2019un si\u00e8cle (la photo est celle du premier tracteur agricole \u00e0 vapeur de Tuxford en 1850). Autrement dit, la transition \u00e9nerg\u00e9tique dont on parle aujourd\u2019hui suppose la cohabitation, pendant probablement plusieurs d\u00e9cennies, de fili\u00e8res \u00e9nerg\u00e9tiques nouvelles et anciennes, les panneaux solaires et les turbines \u00e0 gaz par exemple, l\u2019av\u00e8nement de ruptures scientifiques et techniques, l\u2019\u00e9volution de nos modes de vie et de travail, des nouveaux modes de gouvernance de nos institutions, des nouveaux rapports de coop\u00e9ration entre les nations. Sur chacun de ces points il faudra expliquer clairement quels types d\u2019actions s\u2019imposent pour faire bouger les choses.<\/p>\n<p><strong>Cette transition n\u2019\u00e9vitera pas les crises,<\/strong> c\u2019est un aussi enseignement de l\u2019histoire et, pas plus que les autres, elle ne sera un long fleuve tranquille. On peut rappeler \u00e0 ce propos qu\u2019au XVII<sup>e<\/sup> si\u00e8cle, une d\u00e9forestation massive dans certains pays europ\u00e9ens, comme l\u2019Angleterre o\u00f9 les besoins en bois pour le chauffage et la m\u00e9tallurgie \u00e9taient en forte croissance, avait conduit progressivement \u00e0 une\u00a0crise \u00e9nerg\u00e9tique. Les sciences humaines et sociales peuvent certainement nous aider \u00e0 \u00e9clairer notre lanterne pour mieux comprendre la signification profonde de la transition \u00e9nerg\u00e9tique\u00a0 et c\u2019est notamment ce que propose une tr\u00e8s int\u00e9ressante note de Athena (l\u2019Alliance des organismes de recherche en sciences humaines et sociales <a href=\"http:\/\/www.allianceathena.fr\">www.allianceathena.fr<\/a> ), \u00ab\u00a0SHS et \u00e9nergie\u00a0\u00bb.<\/p>\n<p><strong>Existe-t-il des points \u00ab\u00a0critiques\u00a0\u00bb pour une transition \u00e9nerg\u00e9tique<\/strong> dont les objectifs sont de diminuer la consommation d\u2019\u00e9nergie toutes fili\u00e8res confondues et,\u00a0notamment,\u00a0 le poids des fili\u00e8res carbon\u00e9es\u00a0? Dans son <i>World Energy Outlook 2013<\/i>, l\u2019AIE (<a href=\"http:\/\/www.worldenergyoulook.org\">www.worldenergyoulook.org<\/a> ) consacre un chapitre \u00e0<strong> l\u2019intensit\u00e9 \u00e9nerg\u00e9tique car, souligne-t-elle, celle-ci est une \u00ab\u00a0composante essentielle d\u2019un \u00ab\u00a0futur \u00e9nerg\u00e9tique durable\u00a0<\/strong>\u00bb. Cette intensit\u00e9 repr\u00e9sente, rappelons-le, la quantit\u00e9 d\u2019\u00e9nergie qu\u2019il faut d\u00e9penser pour produire une unit\u00e9 de PIB. L\u2019AIE constate qu\u2019elle a baiss\u00e9 de 1,5 % en 2012 alors que la baisse moyenne annuelle n\u2019\u00e9tait que de 0,4 % entre 2000 et 2010. La Chine semble faire, elle aussi,\u00a0un effort important puisque si son intensit\u00e9 \u00e9nerg\u00e9tique \u00e9tait quatre fois la moyenne mondiale en 1990 elle n\u2019en repr\u00e9sente \u00ab\u00a0plus\u00a0\u00bb que le double en 2012. Bien s\u00fbr, la baisse de cette intensit\u00e9 r\u00e9sulte d\u2019un ensemble de politiques nationales et r\u00e9gionales et elle est donc un indicateur sur le chemin d\u2019une transition\u00a0qui n\u2019exclut pas, bien s\u00fbr,\u00a0la cohabitation de fili\u00e8res les plus diverses. Dans son sc\u00e9nario \u00ab\u00a0nouvelles politiques\u00a0\u00bb qui int\u00e8gre toutes les politiques d\u00e9cid\u00e9es r\u00e9cemment et visant \u00e0 diminuer la demande d\u2019\u00e9nergie (mais qui ne permet pas de limiter \u00e0 2\u00b0C le r\u00e9chauffement de la plan\u00e8te), l\u2019AIE \u00ab\u00a0pr\u00e9voit\u00a0\u00bb que ce sont l\u2019industrie et le b\u00e2timent qui contribueront le plus \u00a0d&rsquo;ici 20135 \u00e0 l\u2019am\u00e9lioration de l\u2019efficacit\u00e9 \u00e9nerg\u00e9tique\u00a0 (37 % et 26% de l\u2019effort total d\u2019ici 2035).<\/p>\n<p><strong>La r\u00e9cente conf\u00e9rence sur le climat de Varsovie a montr\u00e9 que les obstacles sur la voie de la signature d\u2019un trait\u00e9 climatique \u00e0 Paris, en 2015, sont encore consid\u00e9rables<\/strong>, ils sont politiques car les signataires devront s\u2019accorder sur un m\u00e9canisme de fixation de quotas d\u2019\u00e9mission de gaz \u00e0 effet de serre (notamment le CO2) afin de limiter \u00e0 2\u00b0C l\u2019augmentation de la temp\u00e9rature moyenne de la plan\u00e8te (l\u2019objectif fix\u00e9 \u00e0 Copenhague), mais aussi techniques car la lutte contre le r\u00e9chauffement climatique suppose des progr\u00e8s tant dans l\u2019efficacit\u00e9 \u00e9nerg\u00e9tique que dans l\u2019utilisation d\u2019\u00e9nergies non-carbon\u00e9es. <strong>La R&amp;D peut-elle favoriser cette transition et constituer un \u00e9l\u00e9ment cl\u00e9 de la n\u00e9gociation\u00a0?<\/strong> C\u2019est \u00e0 cette question qu\u2019a tent\u00e9 de r\u00e9pondre une \u00e9quipe de sp\u00e9cialistes du climat de la Fondation italienne Enrico Mattei (cr\u00e9\u00e9e par l\u2019ENI) dans une note r\u00e9cente (G.Marangoni and M. Tavoni, <i>The clean energy R&amp;D for 2\u00b0C,<\/i> 2013, Fondazione Eni Enrico Mattei, <a href=\"http:\/\/www.feem.it\">www.feem.it<\/a> ). A l\u2019aide d\u2019un mod\u00e8le baptis\u00e9 WITCH (World Induced Technical Change Hybrid Model) et de sept sc\u00e9narios climatiques et \u00e9nerg\u00e9tiques, ils estiment ainsi que l<strong>es investissements financiers cumul\u00e9s dans la R&amp;D (n\u00e9cessaires pour lever les obstacles techniques \u00e0 la transition \u00e9nerg\u00e9tique) s\u2019\u00e9l\u00e8veraient \u00e0 1000 milliards de dollars sur la p\u00e9riode 2010-2030<\/strong> et \u00e0 1600 milliards de dollars de 2030 \u00e0 2050. On est, aujourd\u2019hui loin du compte car l\u2019\u00e9cart entre les d\u00e9penses de R&amp;D des pays d\u00e9velopp\u00e9s dans ce domaine et l\u2019objectif \u00e0 atteindre se situerait dans une fourchette de 30 \u00e0 58 milliards de dollars par an. Un effort s\u2019impose donc, il \u00ab\u00a0ne\u00a0\u00bb repr\u00e9senterait, en moyenne annuelle, qu\u2019un peu moins de 0,1% du PIB mondial mais il devrait \u00eatre r\u00e9alis\u00e9 dans un premier temps par les pays d\u00e9velopp\u00e9s. <strong>Peut-on atteindre l\u2019objectif climatique de Copenhague uniquement gr\u00e2ce \u00e0 une forte amplification de la R&amp;D\u00a0et une strat\u00e9gie d\u2019innovation?<\/strong> C\u2019est tr\u00e8s peu probable selon les auteurs de la note qui estiment que l\u2019on ne saurait s\u2019affranchir d\u2019un effort de limitation des \u00e9missions de CO2 men\u00e9 en parall\u00e8le. Toutefois, si la n\u00e9gociation climatique \u00e9tait dans une impasse, ceux-ci envisagent un sc\u00e9nario o\u00f9 dans un premier temps (jusqu\u2019en 2030), les pays les plus d\u00e9velopp\u00e9s s\u2019engageraient \u00e0 augmenter tr\u00e8s fortement leurs efforts de recherche et d\u2019innovation avec une politique de transfert technologique aux pays en d\u00e9veloppement pour que ceux-ci baissent leur intensit\u00e9 \u00e9nerg\u00e9tique et utilisent moins d\u2019\u00e9nergies carbon\u00e9es, \u00e0 charge pour eux de prendre le relais de la R&amp;D apr\u00e8s 2030 tout en diminuant leurs \u00e9missions de gaz \u00e0 effet de serre. Cette option suppose qu\u2019une coop\u00e9ration scientifique et technique \u00e9troite entre les partenaires des diff\u00e9rentes r\u00e9gions de la plan\u00e8te d\u00e9boucherait en 2030 sur un v\u00e9ritable accord climatique.<\/p>\n<p><strong>La R&amp;D n\u2019est sans doute pas la cl\u00e9 de la transition \u00e9nerg\u00e9tique mais elle en est un param\u00e8tre important,<\/strong> rarement pris en compte, qui peut contribuer \u00e0 faire sauter les verrous qui la bloqueront, \u00a0tout en faisant bouger le front de la n\u00e9gociation climatique.<\/p>\n","protected":false},"excerpt":{"rendered":"<p>Le d\u00e9bat sur la transition \u00e9nerg\u00e9tique qui s\u2019est d\u00e9roul\u00e9 en France, au premier semestre de 2013, est aujourd\u2019hui clos alors que bien des questions restent en suspens. Sans mettre en cause le bien-fond\u00e9 de ce d\u00e9bat, ne devons-nous pas nous interroger sur la signification de cette transition \u00e9nerg\u00e9tique? Peut-on pr\u00e9voir des \u00e9tapes et envisager des strat\u00e9gies qui, par exemple faute d\u2019un accord international sur le climat lors de la conf\u00e9rence de Paris en 2015 permettraient d\u2019avancer sur la voie d\u2019une transition vers une \u00ab d\u00e9carbonisation \u00bb  progressive de l\u2019\u00e9nergie ? Une baisse de l\u2019intensit\u00e9 \u00e9nerg\u00e9tique, n\u2019est-elle pas une priorit\u00e9 comme le souligne le dernier rapport de l\u2019AIE ?<\/p>\n","protected":false},"author":1,"featured_media":162,"comment_status":"closed","ping_status":"closed","sticky":false,"template":"","format":"standard","meta":{"footnotes":""},"categories":[1],"tags":[],"_links":{"self":[{"href":"http:\/\/pierrepapon.fr\/index.php?rest_route=\/wp\/v2\/posts\/461"}],"collection":[{"href":"http:\/\/pierrepapon.fr\/index.php?rest_route=\/wp\/v2\/posts"}],"about":[{"href":"http:\/\/pierrepapon.fr\/index.php?rest_route=\/wp\/v2\/types\/post"}],"author":[{"embeddable":true,"href":"http:\/\/pierrepapon.fr\/index.php?rest_route=\/wp\/v2\/users\/1"}],"replies":[{"embeddable":true,"href":"http:\/\/pierrepapon.fr\/index.php?rest_route=%2Fwp%2Fv2%2Fcomments&post=461"}],"version-history":[{"count":2,"href":"http:\/\/pierrepapon.fr\/index.php?rest_route=\/wp\/v2\/posts\/461\/revisions"}],"predecessor-version":[{"id":463,"href":"http:\/\/pierrepapon.fr\/index.php?rest_route=\/wp\/v2\/posts\/461\/revisions\/463"}],"wp:featuredmedia":[{"embeddable":true,"href":"http:\/\/pierrepapon.fr\/index.php?rest_route=\/wp\/v2\/media\/162"}],"wp:attachment":[{"href":"http:\/\/pierrepapon.fr\/index.php?rest_route=%2Fwp%2Fv2%2Fmedia&parent=461"}],"wp:term":[{"taxonomy":"category","embeddable":true,"href":"http:\/\/pierrepapon.fr\/index.php?rest_route=%2Fwp%2Fv2%2Fcategories&post=461"},{"taxonomy":"post_tag","embeddable":true,"href":"http:\/\/pierrepapon.fr\/index.php?rest_route=%2Fwp%2Fv2%2Ftags&post=461"}],"curies":[{"name":"wp","href":"https:\/\/api.w.org\/{rel}","templated":true}]}}