{"id":1386,"date":"2024-03-16T15:24:32","date_gmt":"2024-03-16T14:24:32","guid":{"rendered":"http:\/\/pierrepapon.fr\/?p=1386"},"modified":"2024-03-18T12:35:44","modified_gmt":"2024-03-18T11:35:44","slug":"1386","status":"publish","type":"post","link":"http:\/\/pierrepapon.fr\/?p=1386","title":{"rendered":"La transition \u00e9nerg\u00e9tique est-elle sortie du brouillard \u00e0 la COP 28?"},"content":{"rendered":"\n<h3 class=\"wp-block-heading alignwide\" id=\"we-re-a-studio-in-berlin-with-an-international-practice-in-architecture-urban-planning-and-interior-design-we-believe-in-sharing-knowledge-and-promoting-dialogue-to-increase-the-creative-potential-of-collaboration\" style=\"font-size:clamp(27.894px, 1.743rem + ((1vw - 3.2px) * 2.285), 48px);line-height:1.1\">           <\/h3>\n\n\n\n<p class=\"has-text-align-left\">                         <img loading=\"lazy\" decoding=\"async\" width=\"150\" height=\"150\" class=\"wp-image-1387\" style=\"width: 150px;\" src=\"http:\/\/pierrepapon.fr\/wp-content\/uploads\/2024\/03\/Cop-28-BIs.jpg\" alt=\"\" srcset=\"http:\/\/pierrepapon.fr\/wp-content\/uploads\/2024\/03\/Cop-28-BIs.jpg 612w, http:\/\/pierrepapon.fr\/wp-content\/uploads\/2024\/03\/Cop-28-BIs-400x400.jpg 400w, http:\/\/pierrepapon.fr\/wp-content\/uploads\/2024\/03\/Cop-28-BIs-200x200.jpg 200w\" sizes=\"(max-width: 150px) 100vw, 150px\" \/> Dans sa pr\u00e9face au rapport annuel sur l\u2019\u00e9nergie de l\u2019Agence  Internationale de l\u2019Energie, le<em> World Energy Outlook 2023,<\/em> publi\u00e9 quelques semaines avant l\u2019ouverture de la COP 28 \u00e0 Duba\u00ef, le 30 novembre 2023, le directeur de l\u2019Agence, Fatih Birol, observait que cinquante ans apr\u00e8s le premier choc p\u00e9trolier d\u2019octobre 1973, le monde \u00e9tait de nouveau en crise : des conflits en Ukraine et au Moyen-Orient, des incertitudes concernant les approvisionnements \u00e9nerg\u00e9tiques, les menaces du r\u00e9chauffement climatique. Mais il constatait aussi que si les combustibles fossiles restent encore des acteurs majeurs du th\u00e9\u00e2tre \u00e9nerg\u00e9tique mondial, le p\u00e9trole et le gaz gardant un r\u00f4le g\u00e9opolitique, le syst\u00e8me \u00e9nerg\u00e9tique \u00e9tait en train de changer, les \u00e9nergies \u00abpropres\u00bb, montant en puissance. La conf\u00e9rence de Duba\u00ef a confort\u00e9 dans une certaine mesure cette vision optimiste de l\u2019AIE puisque les Etats participant \u00e0 la conf\u00e9rence ont admis le principe d\u2019une \u00ab&nbsp;transition hors des \u00e9nergies fossiles&nbsp;\u00bb. Ses perspectives seraient elles moins brumeuses ?<\/p>\n\n\n\n<p class=\"has-text-align-left\"> Le texte adopt\u00e9, un compromis, mentionne \u00abla n\u00e9cessit\u00e9 de r\u00e9ductions profondes, rapides et durables des \u00e9missions de gaz \u00e0 effet de serre&nbsp;\u00bb et appelle les parties \u00e0 la Convention de l\u2019ONU sur l\u2019\u00e9volution du climat \u00e0&nbsp;y contribuer, \u00ab&nbsp;afin d\u2019atteindre la neutralit\u00e9 carbone en 2050 conform\u00e9ment aux pr\u00e9conisations scientifiques \u00bb. Il marque, incontestablement une \u00e9volution de l\u2019attitude des Etats qui, jusqu\u2019\u00e0 pr\u00e9sent, \u00e9taient r\u00e9ticents \u00e0 envisager cette transition, notamment les pays producteurs de p\u00e9trole et de gaz. Toutefois des scientifiques font remarquer que le terme \u00ab&nbsp;transition&nbsp;\u00bb est ambigu car il peut \u00eatre interpr\u00e9t\u00e9 de plusieurs fa\u00e7ons, elle pourrait \u00eatre lente et il n\u2019invite pas \u00e0 \u00ab&nbsp;sortir&nbsp;\u00bb des \u00e9nergies fossiles (\u00ab&nbsp;phasing out&nbsp;\u00bb), certains sc\u00e9narios font d\u2019ailleurs l\u2019hypoth\u00e8se&nbsp;que la neutralit\u00e9 carbone pourrait \u00eatre atteinte en stockant le CO2 \u00e9mis par les combustibles fossiles (cf. Kathrine Sanderson, \u00ab&nbsp;COP 28&nbsp; climate summit signals Beginning of end of fossil fuel era&nbsp;\u00bb, <em>Nature<\/em>, vol. 624, 21\/28 Dember 20323, p. 484.)<\/p>\n\n\n\n<figure class=\"wp-block-image size-full is-resized\"><img loading=\"lazy\" decoding=\"async\" width=\"500\" height=\"439\" src=\"http:\/\/pierrepapon.fr\/wp-content\/uploads\/2020\/04\/Voiture-Electrique-bis.jpg\" alt=\"\" class=\"wp-image-1131\" style=\"width:195px;height:auto\" srcset=\"http:\/\/pierrepapon.fr\/wp-content\/uploads\/2020\/04\/Voiture-Electrique-bis.jpg 500w, http:\/\/pierrepapon.fr\/wp-content\/uploads\/2020\/04\/Voiture-Electrique-bis-300x263.jpg 300w, http:\/\/pierrepapon.fr\/wp-content\/uploads\/2020\/04\/Voiture-Electrique-bis-100x88.jpg 100w\" sizes=\"(max-width: 500px) 100vw, 500px\" \/><\/figure>\n\n\n\n<p>  La part de l\u2019\u00e9lectricit\u00e9 dans la consommation finale (20% en 2022) passerait \u00e0 30% en 2050 dans le sc\u00e9nario STEPS, et \u00e0 55 % dans NZE. Ces sc\u00e9narios actualis\u00e9s de l\u2019AIE ont \u00e9t\u00e9 propos\u00e9s avant la conf\u00e9rence de Dubai et le premier serait donc une version tr\u00e8s \u00ab molle \u00bb de l\u2019accord de Dubai, le plus volontariste NZE s\u2019il suppose que la transition \u00e9nerg\u00e9tique serait bien engag\u00e9e en 2050, n\u2019envisage pas qu\u2019elle serait accomplie en 2050 pour les \u00e9nergies fossiles. L\u2019AIE soulignait que \u00ab la route de ce sc\u00e9nario est devenue plus \u00e9troite mais que son objectif peut encore \u00eatre atteint \u00bb, si les investissements pour les fili\u00e8res \u00e9nerg\u00e9tiques augmentent fortement (passant de 2,8% du PIB mondial en 2023 \u00e0 pr\u00e8s de 4% en 2030, 3,2% en 2040 et 2,8% en 2050). S\u2019agissant des \u00e9nergies renouvelables, les pays \u00ab \u00e9mergents \u00bb (hors Chine) devraient multiplier par sept leurs investissements dans les ann\u00e9es 2040 par rapport \u00e0 2022, un effort financier sans doute difficile \u00e0 supportable pour les particuliers et l\u2019industrie.<\/p>\n\n\n\n<figure class=\"wp-block-image size-large is-resized\"><img loading=\"lazy\" decoding=\"async\" width=\"1024\" height=\"745\" src=\"http:\/\/pierrepapon.fr\/wp-content\/uploads\/2024\/03\/eoliennes-1024x745.jpeg\" alt=\"\" class=\"wp-image-1391\" style=\"width:255px;height:auto\" srcset=\"http:\/\/pierrepapon.fr\/wp-content\/uploads\/2024\/03\/eoliennes-1024x745.jpeg 1024w, http:\/\/pierrepapon.fr\/wp-content\/uploads\/2024\/03\/eoliennes-400x291.jpeg 400w, http:\/\/pierrepapon.fr\/wp-content\/uploads\/2024\/03\/eoliennes-768x559.jpeg 768w, http:\/\/pierrepapon.fr\/wp-content\/uploads\/2024\/03\/eoliennes-1536x1117.jpeg 1536w, http:\/\/pierrepapon.fr\/wp-content\/uploads\/2024\/03\/eoliennes-2048x1490.jpeg 2048w\" sizes=\"(max-width: 1024px) 100vw, 1024px\" \/><figcaption class=\"wp-element-caption\">Ferme \u00e9olienne Saint Nazaire<\/figcaption><\/figure>\n\n\n\n<p>\u00a0 Dans son rapport annuel sur les \u00e9missions de CO 2, publi\u00e9 en f\u00e9vrier 2024, <em>CO 2 \u00e9missions in 2023<\/em>, l\u2019AIE fait un bilan mitig\u00e9 de la situation\u00a0: globalement les \u00e9missions li\u00e9es \u00e0 l&rsquo;\u00e9nergie n\u2019ont augment\u00e9 \u00ab\u00a0que\u00a0\u00bb de 1,1% en 2023 par rapport \u00e0 2022 (de 410 millions tonnes atteignant un \u00ab\u00a0record\u00a0\u00bb annuel de 37.4 milliards de tonnes), un accroissement plus faible qu\u2019en 2022 (1,3%). Elle observe que les \u00e9missions provenant du charbon ont contribu\u00e9 pour 65% \u00e0 l\u2019accroissement constat\u00e9 en 2023. Elle constate \u00e9galement que sans le d\u00e9ploiement des \u00ab\u00a0\u00e9nergies propres\u00a0\u00bb (le solaire, l\u2019\u00e9olien, le nucl\u00e9aire, les pompes \u00e0 chaleur et les voitures \u00e9lectriques) la croissance des \u00e9missions de CO2 aurait \u00e9t\u00e9 plus \u00e9lev\u00e9e. Enfin, dernier constat plut\u00f4t encourageant, si le PIB des pays d\u00e9velopp\u00e9s a augment\u00e9 de 1,7 % en 2023, leurs \u00e9missions de CO 2 ont baiss\u00e9 de 4,5%, un signal positif \u00e9mis par les pays les plus riches. Les \u00e9missions de la Chine, quant \u00e0 elle, ont augment\u00e9 de 565 millions de tonnes (4,7%), son addiction au charbon n\u2019\u00e9tant donc pas termin\u00e9e \u2026<\/p>\n\n\n\n<p>&nbsp;<img loading=\"lazy\" decoding=\"async\" width=\"195\" height=\"146\" class=\"wp-image-1070\" style=\"width: 195px;\" src=\"http:\/\/pierrepapon.fr\/wp-content\/uploads\/2019\/11\/Centrale-Cruas.jpg\" alt=\"\" srcset=\"http:\/\/pierrepapon.fr\/wp-content\/uploads\/2019\/11\/Centrale-Cruas.jpg 3264w, http:\/\/pierrepapon.fr\/wp-content\/uploads\/2019\/11\/Centrale-Cruas-300x225.jpg 300w, http:\/\/pierrepapon.fr\/wp-content\/uploads\/2019\/11\/Centrale-Cruas-768x576.jpg 768w, http:\/\/pierrepapon.fr\/wp-content\/uploads\/2019\/11\/Centrale-Cruas-1024x768.jpg 1024w, http:\/\/pierrepapon.fr\/wp-content\/uploads\/2019\/11\/Centrale-Cruas-100x75.jpg 100w\" sizes=\"(max-width: 195px) 100vw, 195px\" \/><\/p>\n\n\n\n<p class=\"has-text-align-left\">     Ajoutons pour terminer qu\u2019en f\u00e9vrier 2024 la Commission Europ\u00e9enne a recommand\u00e9, afin de rendre l\u2019Union Europ\u00e9enne climatiquement neutre d\u2019ici \u00e0 2050, de r\u00e9duire les \u00e9missions nettes de gaz \u00e0 effet de serre de 90 % d\u2019ici \u00e0 2040 par rapport aux niveaux de 1990. Un objectif extr\u00eamement ambitieux (en 2021 elle avait fix\u00e9 \u00e0 l\u2019Europe celui de diminuer de 55% ses \u00e9missions de CO2 en 2030 par rapport \u00e0 1990). &nbsp;Pour \u00eatre atteint il suppose \u00e0 la fois, rappelle-t-elle, des mesures l\u00e9gislatives, la mont\u00e9e en puissance des \u00e9nergies renouvelables, la d\u00e9carbonation de l\u2019industrie et le d\u00e9veloppement des technologies de captage, de stockage et de r\u00e9utilisation du carbone. Ses pr\u00e9conisations \u00e9taient conformes aux recommandations d\u2019un comit\u00e9 scientifique mais l\u2019option d\u2019un captage et d\u2019un stockage du CO 2 est fortement critiqu\u00e9e (Katherine Sanderson &amp; Carissa Wong \u00ab&nbsp;EU unveils climate target&nbsp;: what scientist think&nbsp;\u00bb, <em>Nature <\/em>, vol 626, 15 February 2024, p.467) . <\/p>\n\n\n\n<p class=\"has-text-align-left\">        <img loading=\"lazy\" decoding=\"async\" width=\"219\" height=\"124\" class=\"wp-image-1398\" style=\"width: 219px;\" src=\"http:\/\/pierrepapon.fr\/wp-content\/uploads\/2024\/03\/Petrole-offshore.jpg\" alt=\"\" srcset=\"http:\/\/pierrepapon.fr\/wp-content\/uploads\/2024\/03\/Petrole-offshore.jpg 1024w, http:\/\/pierrepapon.fr\/wp-content\/uploads\/2024\/03\/Petrole-offshore-400x226.jpg 400w, http:\/\/pierrepapon.fr\/wp-content\/uploads\/2024\/03\/Petrole-offshore-768x434.jpg 768w\" sizes=\"(max-width: 219px) 100vw, 219px\" \/>    Si l\u2019objectif de la transition \u00e9nerg\u00e9tique demeure clairement affich\u00e9, \u00ab&nbsp;atteindre la neutralit\u00e9 carbone&nbsp;\u00bb, et si la COP 28 de Dubai a eu le m\u00e9rite de franchir une nouvelle \u00e9tape en indiquant, pour la premi\u00e8re fois, que cette transition requiert de \u00ab&nbsp;s\u2019\u00e9loigner&nbsp;\u00bb des \u00e9nergies fossiles, force est de constater que la liste des verrous techniques et \u00e9conomiques qu\u2019il faudra faire sauter est encore longue. Contentons nous citer de citer les principaux et nous y reviendrons dans les prochains blogs&nbsp;: le stockage et le pilotage de l\u2019\u00e9lectricit\u00e9 pour un mix \u00e9lectrique avec une forte composante de fili\u00e8res intermittentes, la s\u00fbret\u00e9 des r\u00e9seaux \u00e9lectriques, la m\u00e9tallurgie des m\u00e9taux \u00ab&nbsp;critiques&nbsp;\u00bb et leur recyclage, la faisabilit\u00e9 des nouvelles fili\u00e8res nucl\u00e9aires, la production de biocarburants et d\u2019hydrog\u00e8ne avec un bon rendement et dans des bonnes conditions \u00e9conomiques (ce qui est loin d\u2019\u00eatre acquis), le stockage du CO2, une chimie \u00e0 faibles \u00e9missions de CO 2\u2026La longueur de cette liste, montre, si c\u2019\u00e9tait encore n\u00e9cessaire, que la transition \u00e9nerg\u00e9tique n&rsquo;est pas totalement sortie du brouillard et ne sera pas un long fleuve tranquille\u2026<\/p>\n\n\n\n<figure class=\"wp-block-image size-full is-resized\"><img loading=\"lazy\" decoding=\"async\" width=\"500\" height=\"500\" src=\"http:\/\/pierrepapon.fr\/wp-content\/uploads\/2019\/11\/Monde-de-lEnergie.jpg\" alt=\"\" class=\"wp-image-1072\" style=\"width:141px;height:auto\" srcset=\"http:\/\/pierrepapon.fr\/wp-content\/uploads\/2019\/11\/Monde-de-lEnergie.jpg 500w, http:\/\/pierrepapon.fr\/wp-content\/uploads\/2019\/11\/Monde-de-lEnergie-150x150.jpg 150w, http:\/\/pierrepapon.fr\/wp-content\/uploads\/2019\/11\/Monde-de-lEnergie-300x300.jpg 300w, http:\/\/pierrepapon.fr\/wp-content\/uploads\/2019\/11\/Monde-de-lEnergie-100x100.jpg 100w\" sizes=\"(max-width: 500px) 100vw, 500px\" \/><\/figure>\n\n\n\n\n\n\n\n\n\n\n\n\n\n<h2 class=\"wp-block-heading\"><\/h2>\n\n\n\n<h2 class=\"wp-block-heading\"><\/h2>\n\n\n\n<h2 class=\"wp-block-heading\"><\/h2>\n\n\n\n<h2 class=\"wp-block-heading\"><\/h2>\n\n\n\n<h2 class=\"wp-block-heading\"><\/h2>\n\n\n\n<h2 class=\"wp-block-heading\"><\/h2>\n\n\n\n<h2 class=\"wp-block-heading\"><\/h2>\n\n\n\n<h2 class=\"wp-block-heading\"><\/h2>\n\n\n\n<h2 class=\"wp-block-heading\"><\/h2>\n\n\n\n<h2 class=\"wp-block-heading\"><\/h2>\n\n\n\n<h2 class=\"wp-block-heading\"><\/h2>\n\n\n\n<h2 class=\"wp-block-heading\"><\/h2>\n","protected":false},"excerpt":{"rendered":"<p>Dans sa pr\u00e9face au rapport annuel sur l\u2019\u00e9nergie de l\u2019Agence Internationale de l\u2019Energie, le World Energy Outlook 2023, publi\u00e9 quelques semaines avant l\u2019ouverture de la COP 28 \u00e0 Duba\u00ef, le 30 novembre 2023, le directeur de l\u2019Agence, Fatih Birol, observait que cinquante ans apr\u00e8s le premier choc p\u00e9trolier d\u2019octobre 1973, le monde \u00e9tait de nouveau [&hellip;]<\/p>\n","protected":false},"author":1,"featured_media":0,"comment_status":"closed","ping_status":"closed","sticky":false,"template":"","format":"standard","meta":{"footnotes":""},"categories":[1],"tags":[],"_links":{"self":[{"href":"http:\/\/pierrepapon.fr\/index.php?rest_route=\/wp\/v2\/posts\/1386"}],"collection":[{"href":"http:\/\/pierrepapon.fr\/index.php?rest_route=\/wp\/v2\/posts"}],"about":[{"href":"http:\/\/pierrepapon.fr\/index.php?rest_route=\/wp\/v2\/types\/post"}],"author":[{"embeddable":true,"href":"http:\/\/pierrepapon.fr\/index.php?rest_route=\/wp\/v2\/users\/1"}],"replies":[{"embeddable":true,"href":"http:\/\/pierrepapon.fr\/index.php?rest_route=%2Fwp%2Fv2%2Fcomments&post=1386"}],"version-history":[{"count":16,"href":"http:\/\/pierrepapon.fr\/index.php?rest_route=\/wp\/v2\/posts\/1386\/revisions"}],"predecessor-version":[{"id":1416,"href":"http:\/\/pierrepapon.fr\/index.php?rest_route=\/wp\/v2\/posts\/1386\/revisions\/1416"}],"wp:attachment":[{"href":"http:\/\/pierrepapon.fr\/index.php?rest_route=%2Fwp%2Fv2%2Fmedia&parent=1386"}],"wp:term":[{"taxonomy":"category","embeddable":true,"href":"http:\/\/pierrepapon.fr\/index.php?rest_route=%2Fwp%2Fv2%2Fcategories&post=1386"},{"taxonomy":"post_tag","embeddable":true,"href":"http:\/\/pierrepapon.fr\/index.php?rest_route=%2Fwp%2Fv2%2Ftags&post=1386"}],"curies":[{"name":"wp","href":"https:\/\/api.w.org\/{rel}","templated":true}]}}