{"id":1111,"date":"2020-04-24T19:24:07","date_gmt":"2020-04-24T17:24:07","guid":{"rendered":"http:\/\/pierrepapon.fr\/?p=1111"},"modified":"2020-05-06T21:13:37","modified_gmt":"2020-05-06T19:13:37","slug":"transition-energetique-la-pandemie-du-cov-19-change-t-elle-la-donne","status":"publish","type":"post","link":"http:\/\/pierrepapon.fr\/?p=1111","title":{"rendered":"Transition \u00e9nerg\u00e9tique : la crise sanitaire change-t-elle la donne?"},"content":{"rendered":"<p><strong>Le \u00ab\u00a0paysage \u00e9nerg\u00e9tique\u00a0\u00bb a chang\u00e9 en deux temps depuis fin 2019<\/strong>. Le premier, assez bref, fut une chute rapide du cours du baril de p\u00e9trole, d\u00e9but 2020. En effet, les pays de l\u2019OPEP (Organisation des pays exportateurs de p\u00e9trole), principalement l\u2019Arabie Saoudite, la Russie et quelques autres pays producteurs, en d\u00e9pit d\u2019un accord, en juillet 2019, de r\u00e9duction programm\u00e9e de leur production pour tenter de stabiliser le march\u00e9 p\u00e9trolier, se sont de nouveau engag\u00e9s dans une guerre des prix, d\u00e9but mars 2020, en augmentant leur production pour tenter d\u2019accro\u00eetre leurs recettes d\u2019exportation et leurs parts de march\u00e9 (J. Lavandier, \u00ab\u00a0Choc p\u00e9trolier\u00a0: quand un virus brouille les man\u0153uvres des puissances\u00a0\u00bb, <em>Futuribles Vigie,<\/em> 24 avril 2020, <a href=\"http:\/\/www.futuribles.com\/\">www.futuribles.com<\/a> ). D\u00e9but janvier 2020 le cours du baril de Brent \u00e9tait proche de 61$, mais leur strat\u00e9gie s\u2019est av\u00e9r\u00e9e perdante car elle n\u2019avait pas anticip\u00e9 la crise \u00e9conomique qu\u2019allait provoquer la pand\u00e9mie du Covid-19 qui commen\u00e7ait alors. Elle visait, notamment, en inondant le march\u00e9 d\u2019un p\u00e9trole peu cher, \u00e0 affaiblir la production de p\u00e9trole de schiste aux Etats-Unis qui fait une forte concurrence au p\u00e9trole conventionnel (ceux-ci \u00e9tant revenus le premier producteur mondial de p\u00e9trole.\u00a0Le retournement de la conjoncture \u00e9conomique en Chine, courant janvier suite \u00e0 l\u2019\u00e9pid\u00e9mie, et la guerre des prix ont provoqu\u00e9 une forte chute du cours du p\u00e9trole, les pays producteurs ont finalement abouti \u00e0 un accord, le 13 avril, qui pr\u00e9voit une baisse de 10 millions de barils\/ jour de la production. <strong>Un deuxi\u00e8me temps a commenc\u00e9 en avril lorsque la pand\u00e9mie a touch\u00e9 un tr\u00e8s grand nombre de pays<\/strong> qui ont appliqu\u00e9 des mesures de confinement conduisant \u00e0 l\u2019arr\u00eat d\u2019une grande partie de leur activit\u00e9 \u00e9conomique et par voie de cons\u00e9quence une chute de la demande d\u2019\u00e9nergie, \u00e9lectricit\u00e9 et p\u00e9trole. Ainsi, en France, la consommation d\u2019\u00e9lectricit\u00e9 a baiss\u00e9 de 15 \u00e0 20% par rapport \u00e0 celle d\u2019un mois \u00ab\u00a0classique\u00a0\u00bb (RTE ,\u00ab L\u2019impact de la crise sanitaire (Covid-19) sur le fonctionnement du syst\u00e8me \u00e9lectrique\u00bb, 8 avril 2020, <a href=\"http:\/\/www.rte-france.com\/\">www.rte-france.com<\/a> ). Le cours du baril de Brent s\u2019est effondr\u00e9, fluctuant autour de 25-30 $ d\u00e9but mai. Cet effondrement touche bien s\u00fbr l\u2019ensemble de l\u2019industrie p\u00e9troli\u00e8re dont les revenus chutent mais aussi les pays exportateurs fragiles, notamment en Afrique, l\u2019Alg\u00e9rie, le Nig\u00e9ria, l\u2019Angola et le Ghana dont les recettes d\u2019exportation sont une ressource critique pour leurs budgets (de 70 \u00e0 90% de leurs recettes budg\u00e9taires) alors qu\u2019ils doivent mettre en oeuvre des mesures sociales et sanitaires urgentes.<\/p>\n<p><strong>L\u2019avenir \u00e9nerg\u00e9tique mondial est encore plein d\u2019incertitudes, d\u00e9but mai <\/strong>, les conditions et le timing de sortie de crise \u00e9tant encore largement dans le brouillard, m\u00eame si la Chine a commenc\u00e9 \u00e0 relancer son activit\u00e9 \u00e9conomique \u00e0 la mi-avril, et si certains secteurs industriels red\u00e9marrent lentement en Allemagne et en France. L\u2019Agence Internationale<a href=\"http:\/\/pierrepapon.fr\/wp-content\/uploads\/2020\/04\/Fum\u00e9e-charbon-Pologne-1.jpeg\"><img loading=\"lazy\" decoding=\"async\" class=\"alignright wp-image-1127\" src=\"http:\/\/pierrepapon.fr\/wp-content\/uploads\/2020\/04\/Fum\u00e9e-charbon-Pologne-1-300x194.jpeg\" alt=\"\" width=\"226\" height=\"146\" srcset=\"http:\/\/pierrepapon.fr\/wp-content\/uploads\/2020\/04\/Fum\u00e9e-charbon-Pologne-1-300x194.jpeg 300w, http:\/\/pierrepapon.fr\/wp-content\/uploads\/2020\/04\/Fum\u00e9e-charbon-Pologne-1-768x497.jpeg 768w, http:\/\/pierrepapon.fr\/wp-content\/uploads\/2020\/04\/Fum\u00e9e-charbon-Pologne-1-1024x663.jpeg 1024w, http:\/\/pierrepapon.fr\/wp-content\/uploads\/2020\/04\/Fum\u00e9e-charbon-Pologne-1-100x65.jpeg 100w, http:\/\/pierrepapon.fr\/wp-content\/uploads\/2020\/04\/Fum\u00e9e-charbon-Pologne-1.jpeg 1490w\" sizes=\"(max-width: 226px) 100vw, 226px\" \/><\/a> de l\u2019Energie (AIE) dans son rapport d\u2019\u00e9valuation de la demande d\u2019\u00e9nergie en 2020 (IEA, G<em>lobal Energy 2020, The impacts of the Covid-19 crisis on global energy demand and CO2 issues<\/em>, mai 2020, <a href=\"http:\/\/www.ieaa.org\/\">www.ieaa.org<\/a> ), <strong>apr\u00e8s avoir constat\u00e9 une forte baisse pour le mois d\u2019avril de la demande d&rsquo;\u00e9nergie (de 18 \u00e0 25% selon les pays) propose un sc\u00e9nario pour l\u2019ann\u00e9e 2020 avec une baisse du PIB de 2 \u00e0 3%<\/strong> par mois pour les pays ayant adopt\u00e9 un confinement total (comme la France et l\u2019Italie) et de la demande mondiale d\u2019\u00e9nergie sur l\u2019ann\u00e9e de 6 % (la plus forte en soixante-dix ans, sept fois plus importante que l\u2019ors de la crise de 2008). <strong>Toutes les fili\u00e8res seraient touch\u00e9es\u00a0: une baisse de 9% pour le p\u00e9trole (soit 9 millions de barils\/jour), de 5% pour celle l\u2019\u00e9lectricit\u00e9 (10% dans certaines r\u00e9gions),<\/strong> de 8% pour le charbon (provoqu\u00e9e par la baisse de la production \u00e9lectrique par les centrales au charbon) et de 5 % pour le gaz. estime que la demande de p\u00e9trole pour 2020 chuterait de 9,3 barils\/ jour, elle \u00e9tait d\u2019environ 98 millions de barils\/jour l\u2019an dernier et, en avril 2020, elle serait inf\u00e9rieure de pr\u00e8s de 30 % \u00e0 celle du m\u00eame mois de 2019. Quant aux investissements pour l\u2019exploration et la production ils baisseraient de 32 % par rapport \u00e0 2019, la baisse la plus forte depuis 13 ans.<\/p>\n<p>Quoi qu\u2019il en soit, Jared Diamond, apr\u00e8s <em>l\u2019effondrement <\/em>paru en 2005, souligne dans son dernier livre <em>Upheaval <\/em>(\u00ab\u00a0Bouleversement\u00a0\u00bb, <em>Upheaval, How nations cope with crisis and change,<\/em> Allen Lane, 2019) consacr\u00e9 aux crises, que l\u2019histoire est certes impr\u00e9visible mais aussi que <strong>Winston Churchill avait d\u00e9clar\u00e9 : \u00abne mettez pas au rebut une bonne crise \u00bb.<\/strong> S\u2019agissant de la crise sanitaire, les premiers enseignements \u00e0 tirer concernent, bien entendu l\u2019ensemble du syst\u00e8me de sant\u00e9 public et priv\u00e9 n\u2019\u00e9tait pas suffisamment pr\u00e9par\u00e9 pour y faire face. Ensuite il ne faut pas \u00ab\u00a0mettre au rebut\u00a0\u00bb l\u2019impact \u00e9nerg\u00e9tique de cette crise\u00a0sanitaire qui a une grave incidence \u00e9conomique et sociale (avec une mont\u00e9e du taux de ch\u00f4mage) avec des effets durables, se traduisant, aujourd\u2019hui, par la baisse de la consommation d\u2019\u00e9nergie, \u00e9lectricit\u00e9 et produits p\u00e9troliers. Cette baisse est a priori b\u00e9n\u00e9fique pour la politique climatique puisqu\u2019en 2018, rappelons-le, 80 % de l\u2019\u00e9nergie primaire mondiale \u00e9tait d\u2019origine fossile (31% de p\u00e9trole). <strong>Envisageant \u00ab l\u2019apr\u00e8s crise \u00bb, beaucoup d\u2019experts proposent qu\u2019une reprise de l\u2019\u00e9conomie s\u2019accompagne d\u2019investissements permettant d\u2019acc\u00e9l\u00e9rer la transition vers une \u00e9nergie \u00ab d\u00e9carbon\u00e9e<\/strong> \u00bb et donc la sortie du p\u00e9trole. Cependant, les <a href=\"http:\/\/pierrepapon.fr\/wp-content\/uploads\/2020\/04\/Voiture-Electrique-bis.jpg\"><img loading=\"lazy\" decoding=\"async\" class=\"alignright wp-image-1131\" src=\"http:\/\/pierrepapon.fr\/wp-content\/uploads\/2020\/04\/Voiture-Electrique-bis-300x263.jpg\" alt=\"\" width=\"157\" height=\"137\" srcset=\"http:\/\/pierrepapon.fr\/wp-content\/uploads\/2020\/04\/Voiture-Electrique-bis-300x263.jpg 300w, http:\/\/pierrepapon.fr\/wp-content\/uploads\/2020\/04\/Voiture-Electrique-bis-100x88.jpg 100w, http:\/\/pierrepapon.fr\/wp-content\/uploads\/2020\/04\/Voiture-Electrique-bis.jpg 500w\" sizes=\"(max-width: 157px) 100vw, 157px\" \/><\/a>sc\u00e9narios pour \u00ab\u00a0l\u2019apr\u00e8s-crise\u00a0\u00bb ne sont cr\u00e9dibles que si l\u2019on esquisse au minimum une r\u00e9ponse \u00e0 la question suivante : la crise sanitaire change-t-elle la donne pour l\u2019\u00e9nergie et comment ? Dans un premier temps, deux \u00e0 trois ans, les Etats vont donner la priorit\u00e9 \u00e0 la remise en marche de secteurs cl\u00e9s de l\u2019\u00e9conomie (transports, services, agroalimentaire) et aux investissements dans le secteur de la sant\u00e9 (h\u00f4pitaux, industrie pharmaceutique), en France notamment, des secteurs industriels comme l\u2019a\u00e9ronautique et la construction navale resteront durablement touch\u00e9s par la crise du tourisme et la r\u00e9organisation du transport maritime. Il est toutefois possible qu\u2019\u00e0 court terme, la faiblesse du prix des produits p\u00e9troliers provoque un \u00ab\u00a0effet rebond\u00a0\u00bb pour l\u2019industrie automobile favorable aux v\u00e9hicules \u00e0 essence et hybrides, tandis que le faible co\u00fbt du kWh \u00e9lectrique sur le march\u00e9 pourrait dissuader les investissements dans les \u00e9nergies renouvelables, <strong>on observe que la faible consommation d\u2019\u00e9nergie occasionne d\u00e9j\u00e0 en France une baisse des recettes de l\u2019ordre de 1,5 milliard d\u2019euros de la TICPE<\/strong> qui contribue au financement par l\u2019Etat de ce secteur. Qui plus est, dans cette p\u00e9riode, les gouvernements devront \u00e9viter un effondrement de l\u2019industrie p\u00e9troli\u00e8re et parap\u00e9troli\u00e8re car l\u2019industrie et le syst\u00e8me de transports ne sont pas pr\u00eats \u00e0 passer \u00e0 une \u00e9nergie d\u00e9carbon\u00e9e\u00a0: le parc de v\u00e9hicules de transports est encore massivement dot\u00e9 de moteurs thermiques, la plupart des proc\u00e9d\u00e9s industriels utilisent de la chaleur produite par des <a href=\"http:\/\/pierrepapon.fr\/wp-content\/uploads\/2020\/04\/Maison-intelligente.jpeg\"><img loading=\"lazy\" decoding=\"async\" class=\"alignright wp-image-1109\" src=\"http:\/\/pierrepapon.fr\/wp-content\/uploads\/2020\/04\/Maison-intelligente-300x223.jpeg\" alt=\"\" width=\"191\" height=\"142\" \/><\/a>combustibles fossiles, il n\u2019existe pas encore d\u2019alternative \u00e0 la p\u00e9trochimie, le gaz naturel est indispensable pour l\u2019industrie des engrais, etc. <strong>La fin du p\u00e9trole que de nombreux auteurs avis\u00e9s ont annonc\u00e9 comme imminente depuis plusieurs d\u00e9cennies, n\u2019est pas pour demain mais plus probablement pour apr\u00e8s-demain.<\/strong><\/p>\n<p>Une fois par\u00e9 au plus urgent pour la sortie crise, il faudra alors ne pas \u00ab\u00a0mettre au rebut\u00a0\u00bb la crise pour en tirer les le\u00e7ons et changer la donne\u00a0: quelle strat\u00e9gie industrielle et agricole devra-t-on mettre en \u0153uvre pour \u00e9viter les inconv\u00e9nients manifestes d\u2019une mondialisation incontr\u00f4l\u00e9e accompagn\u00e9e d\u2019une d\u00e9localisation d\u00e9raisonnable des moyens de production, notamment de produits strat\u00e9giques (des m\u00e9dicaments par exemple)\u00a0? Quels rapports entretiendra-t-on avec la Chine\u00a0qui a voulu jou\u00e9 les \u00ab\u00a0bons samaritains\u00a0\u00bb pendant la crise ? Quelles \u00e9nergies utilisera-t-on\u00a0et avec quelles alliances industrielles ? Quelles nouvelles coop\u00e9rations les pays d\u00e9velopp\u00e9s \u00e9tabliront-ils avec les pays africains qui risquent de sortir exsangues de la crise\u00a0? C\u2019est en r\u00e9pondant \u00e0 ces questions qu\u2019il sera alors possible de relancer les politiques pour une transition \u00e9nerg\u00e9tique et en acc\u00e9l\u00e9rer le rythme. Le directeur de l\u2019AIE, Fatih Birol, dans une note sur la sortie de la crise affirme que la relance de l\u2019\u00e9conomie doit \u00eatre compatible avec une politique environnementale durable (Fatih Birol, IEA \u00ab\u00a0How to make the economic recovery from coronavirus an environmentally sustainable one\u00a0\u00bb, 30 mars 2020, <a href=\"http:\/\/www.iea.org\/\">www.iea.org<\/a>). Dans cette perspective il propose que les politiques gouvernementales soutiennent la transition \u00e9nerg\u00e9tique en accordant la priorit\u00e9 aux investissements favorisant l\u2019efficacit\u00e9 \u00e9nerg\u00e9tique dans l\u2019industrie, les transports et les b\u00e2timents (un secteur contribuant \u00e0 40% de la consommation d\u2019\u00e9nergie finale en France, et o\u00f9 les cr\u00e9ations d\u2019emploi sont potentiellement importantes).<\/p>\n<p>Tous les sc\u00e9narios \u00e9nerg\u00e9tiques d\u2019avant la crise supposaient une augmentation forte de la production d\u2019\u00e9lectricit\u00e9 dans le mix \u00e9nerg\u00e9tique (de pr\u00e8s de 50% d\u2019ici 2040 dans le sc\u00e9nario le plus volontariste de l\u2019AIE), le nouveau contexte, en particulier le t\u00e9l\u00e9travail et le d\u00e9veloppement de la motorisation \u00e9lectrique, imposera, sans doute, un renforcement de \u00ab\u00a0l\u2019\u00e9lectrification\u00a0\u00bb de l\u2019\u00e9conomie avec un d\u00e9veloppement des fili\u00e8res renouvelables et, \u00e9ventuellement d\u2019un nouveau nucl\u00e9aire. Dans son rapport <a href=\"http:\/\/pierrepapon.fr\/wp-content\/uploads\/2020\/04\/Sadi-Carnot-1.jpg\"><img loading=\"lazy\" decoding=\"async\" class=\"alignright wp-image-1113\" src=\"http:\/\/pierrepapon.fr\/wp-content\/uploads\/2020\/04\/Sadi-Carnot-1-232x300.jpg\" alt=\"\" width=\"99\" height=\"128\" srcset=\"http:\/\/pierrepapon.fr\/wp-content\/uploads\/2020\/04\/Sadi-Carnot-1-232x300.jpg 232w, http:\/\/pierrepapon.fr\/wp-content\/uploads\/2020\/04\/Sadi-Carnot-1-77x100.jpg 77w, http:\/\/pierrepapon.fr\/wp-content\/uploads\/2020\/04\/Sadi-Carnot-1.jpg 250w\" sizes=\"(max-width: 99px) 100vw, 99px\" \/><\/a>sur les \u00e9nergies renouvelables, publi\u00e9 au d\u00e9but de la crise, l\u2019IRENA (International Renewable Energy Agency, Global renewable outlook, avril 2020, <a href=\"http:\/\/www.irena.org\/\">www.irena.org<\/a>) souligne que \u00ab\u00a0Les mesures de sortie de crise pourraient aider\u00a0: &#8211; \u00e0 installer des r\u00e9seaux \u00e9lectriques flexibles &#8211; \u00e0 am\u00e9liorer l\u2019efficacit\u00e9 \u00e9nerg\u00e9tique \u2013 \u00e0 mettre au point des syst\u00e8mes de recharge pour v\u00e9hicules \u00e9lectriques et le stockage d\u2019\u00e9nergie \u2013 \u00e0 faciliter l\u2019interconnexion de la production d\u2019hydro\u00e9lectricit\u00e9 et la production d\u2019hydrog\u00e8ne vert \u2013 \u00e0 mettre au point de multiples autres technologies d\u2019\u00e9nergie propre.<strong> La n\u00e9cessit\u00e9 de la d\u00e9carbonisation de l\u2019\u00e9nergie demeure,<\/strong> et ces investissements doivent pr\u00e9munir contre les d\u00e9cisions \u00e0 courte vue en \u00e9vitant une plus grande accumulation d\u2019actifs bloqu\u00e9s (dans des \u00e9nergies fossiles)\u00a0\u00bb. Enfin, France Strat\u00e9gie dans une note sur \u00ab\u00a0l\u2019impact de la crise sur le syst\u00e8me \u00e9lectrique en France\u00a0\u00bb, souligne que \u00ab\u00a0les cons\u00e9quences de la chute d\u2019activit\u00e9 sur la consommation d\u2019\u00e9lectricit\u00e9 invitent \u00e0 r\u00e9examiner la robustesse des syst\u00e8mes fran\u00e7ais et europ\u00e9en de production, de transport et de distribution d\u2019\u00e9lectricit\u00e9. Des \u00e9volutions importantes devront \u00eatre \u00e9tudi\u00e9es pour que ces syst\u00e8mes puissent r\u00e9pondre dans de bonnes conditions de s\u00e9curit\u00e9 aux d\u00e9fis des ann\u00e9es \u00e0 venir. La d\u00e9carbonation de l\u2019\u00e9conomie conduira en effet \u00e0 une hausse marqu\u00e9e de la part de l\u2019\u00e9lectricit\u00e9 dans la consommation d\u2019\u00e9nergie, et nos syst\u00e8mes n\u2019y sont pas pr\u00eats.\u00a0\u00bb (France Strat\u00e9gie, M. Degermont et E. Beeker, <em>Un horizon soutenable pour l\u2019apr\u00e8s<\/em>, N<sup>O<\/sup>64, 23 avril 2020, <a href=\"http:\/\/www.strat\u00e9gie.gouv.fr\/\">www.strat\u00e9gie.gouv.fr<\/a> ). Cette politique n\u00e9cessitera des investissements massifs qu\u2019il va falloir financer, la question de la taxation du carbone que C. de Perthuis estimait incontournable dans son livre <em>Le tic-tac de l\u2019horloge climatique <\/em>(De Boecke Sup\u00e9rieur, Louvain-la-Neuve, 2019) va alors se reposer<\/p>\n<p><strong>La nouvelle donne aura composante internationale majeure.<\/strong> Elle imposera des alliances industrielles avec des partenaires europ\u00e9ens que la Commission europ\u00e9enne devrait faciliter, du moins on peut l\u2019esp\u00e9rer (la coop\u00e9ration r\u00e9cente en mati\u00e8re de batteries est un bon exemple), mais aussi avec des pays comme le Japon et la Cor\u00e9e du sud. <strong>Alors qu\u2019il s\u2019agit de pr\u00e9parer l\u2019avenir, force est de constater que le r\u00f4le de la recherche scientifique est rarement \u00e9voqu\u00e9 (sauf dans sa dimension biom\u00e9dicale).<\/strong>\u00a0 En ce temps de crise sanitaire, rappelons la m\u00e9moire de Sadi Carnot (cf. son portait), l\u2019un des p\u00e8res fondateurs de thermodynamique, la science de <a href=\"http:\/\/pierrepapon.fr\/wp-content\/uploads\/2019\/11\/Monde-de-lEnergie.jpg\"><img loading=\"lazy\" decoding=\"async\" class=\"alignright wp-image-1072\" src=\"http:\/\/pierrepapon.fr\/wp-content\/uploads\/2019\/11\/Monde-de-lEnergie-300x300.jpg\" alt=\"\" width=\"91\" height=\"91\" srcset=\"http:\/\/pierrepapon.fr\/wp-content\/uploads\/2019\/11\/Monde-de-lEnergie-300x300.jpg 300w, http:\/\/pierrepapon.fr\/wp-content\/uploads\/2019\/11\/Monde-de-lEnergie-150x150.jpg 150w, http:\/\/pierrepapon.fr\/wp-content\/uploads\/2019\/11\/Monde-de-lEnergie-100x100.jpg 100w, http:\/\/pierrepapon.fr\/wp-content\/uploads\/2019\/11\/Monde-de-lEnergie.jpg 500w\" sizes=\"(max-width: 91px) 100vw, 91px\" \/><\/a>l\u2019\u00e9nergie, qui fut victime \u00e0 l\u2019\u00e2ge de 36 ans, en 1832 \u00e0 Paris, de la grave \u00e9pid\u00e9mie de chol\u00e9ra qui toucha la France (venue d\u2019Inde elle fit 100\u00a0000 victimes )\u2026.<\/p>\n<p><a href=\"http:\/\/pierrepapon.fr\/wp-content\/uploads\/2017\/09\/Monde-de-lEnergie.jpg\">\u00a0<\/a><\/p>\n","protected":false},"excerpt":{"rendered":"<p>Les experts pouvaient s\u2019interroger en d\u00e9but d\u2019ann\u00e9e sur les perspectives d\u2019une baisse des \u00e9missions mondiales de CO2, le bilan de 2019 \u00e9tait alors en demi-teinte, ces \u00e9missions n\u2019ayant pas augment\u00e9, qui plus est celles du secteur \u00e9nerg\u00e9tique avaient l\u00e9g\u00e8rement diminu\u00e9 (de 1,2 %). La plan\u00e8te \u00e9tait loin d\u2019\u00eatre sur une trajectoire compatible avec l\u2019objectif d\u2019une limitation forte du r\u00e9chauffement climatique mais la courbe d\u2019\u00e9volution des \u00e9missions de gaz \u00e0 effet de serre \u00e9tait peut-\u00eatre en train de se \u00ab casser \u00bb. Depuis lors la pand\u00e9mie provoqu\u00e9e par le coronavirus touche la plupart des r\u00e9gions de la plan\u00e8te en faisant de nombreuses victimes et en for\u00e7ant l\u2019arr\u00eat de l\u2019\u00e9conomie. Quel pourrait-\u00eatre l\u2019incidence \u00e0 long terme de cette crise sanitaire sur la transition \u00e9nerg\u00e9tique ? La question est pos\u00e9e.<\/p>\n","protected":false},"author":1,"featured_media":1112,"comment_status":"closed","ping_status":"closed","sticky":false,"template":"","format":"standard","meta":{"footnotes":""},"categories":[1],"tags":[],"_links":{"self":[{"href":"http:\/\/pierrepapon.fr\/index.php?rest_route=\/wp\/v2\/posts\/1111"}],"collection":[{"href":"http:\/\/pierrepapon.fr\/index.php?rest_route=\/wp\/v2\/posts"}],"about":[{"href":"http:\/\/pierrepapon.fr\/index.php?rest_route=\/wp\/v2\/types\/post"}],"author":[{"embeddable":true,"href":"http:\/\/pierrepapon.fr\/index.php?rest_route=\/wp\/v2\/users\/1"}],"replies":[{"embeddable":true,"href":"http:\/\/pierrepapon.fr\/index.php?rest_route=%2Fwp%2Fv2%2Fcomments&post=1111"}],"version-history":[{"count":8,"href":"http:\/\/pierrepapon.fr\/index.php?rest_route=\/wp\/v2\/posts\/1111\/revisions"}],"predecessor-version":[{"id":1132,"href":"http:\/\/pierrepapon.fr\/index.php?rest_route=\/wp\/v2\/posts\/1111\/revisions\/1132"}],"wp:featuredmedia":[{"embeddable":true,"href":"http:\/\/pierrepapon.fr\/index.php?rest_route=\/wp\/v2\/media\/1112"}],"wp:attachment":[{"href":"http:\/\/pierrepapon.fr\/index.php?rest_route=%2Fwp%2Fv2%2Fmedia&parent=1111"}],"wp:term":[{"taxonomy":"category","embeddable":true,"href":"http:\/\/pierrepapon.fr\/index.php?rest_route=%2Fwp%2Fv2%2Fcategories&post=1111"},{"taxonomy":"post_tag","embeddable":true,"href":"http:\/\/pierrepapon.fr\/index.php?rest_route=%2Fwp%2Fv2%2Ftags&post=1111"}],"curies":[{"name":"wp","href":"https:\/\/api.w.org\/{rel}","templated":true}]}}